{"id":182,"global_id":"www.thatsallfolk.fr?id=182","global_id_lineage":["www.thatsallfolk.fr?id=182"],"author":"1","status":"publish","date":"2021-12-01 09:33:23","date_utc":"2021-12-01 08:33:23","modified":"2021-12-01 09:33:23","modified_utc":"2021-12-01 08:33:23","url":"http:\/\/www.thatsallfolk.fr\/?tribe_events=les-menuires-inauguration-pointe-de-la-masse-prive","rest_url":"http:\/\/www.thatsallfolk.fr\/index.php?rest_route=\/tribe\/events\/v1\/events\/182","title":"Les Menuires &#8211; Inauguration Pointe de la Masse &#8211; Priv\u00e9","description":"<p>Inauguration du t\u00e9l\u00e9cabine de la pointe de la Masse, Les Menuires<\/p>","excerpt":"","slug":"les-menuires-inauguration-pointe-de-la-masse-prive","image":false,"all_day":true,"start_date":"2021-12-10 00:00:00","start_date_details":{"year":"2021","month":"12","day":"10","hour":"00","minutes":"00","seconds":"00"},"end_date":"2021-12-10 23:59:59","end_date_details":{"year":"2021","month":"12","day":"10","hour":"23","minutes":"59","seconds":"59"},"utc_start_date":"2021-12-09 23:00:00","utc_start_date_details":{"year":"2021","month":"12","day":"09","hour":"23","minutes":"00","seconds":"00"},"utc_end_date":"2021-12-10 22:59:59","utc_end_date_details":{"year":"2021","month":"12","day":"10","hour":"22","minutes":"59","seconds":"59"},"timezone":"Europe\/Paris","timezone_abbr":"CET","cost":"","cost_details":{"currency_symbol":"","currency_position":"prefix","values":[]},"website":"","show_map":true,"show_map_link":true,"hide_from_listings":false,"sticky":false,"featured":false,"categories":[{"name":"Les dates","slug":"les-dates","term_group":0,"term_taxonomy_id":3,"taxonomy":"tribe_events_cat","description":"","parent":0,"count":49,"filter":"raw","id":3,"urls":{"self":"http:\/\/www.thatsallfolk.fr\/index.php?rest_route=\/tribe\/events\/v1\/categories\/3","collection":"http:\/\/www.thatsallfolk.fr\/index.php?rest_route=\/tribe\/events\/v1\/categories"}}],"tags":[],"venue":{"id":184,"author":"1","status":"publish","date":"2021-12-01 09:33:24","date_utc":"2021-12-01 08:33:24","modified":"2021-12-01 09:33:24","modified_utc":"2021-12-01 08:33:24","url":"http:\/\/www.thatsallfolk.fr\/?tribe_venue=les-menuires","venue":"Les Menuires","slug":"les-menuires","json_ld":{"@type":"Place","name":"Les Menuires","description":"","url":"","address":{"@type":"PostalAddress"},"telephone":"","sameAs":""},"show_map":true,"show_map_link":true,"global_id":"www.thatsallfolk.fr?id=184","global_id_lineage":["www.thatsallfolk.fr?id=184"]},"organizer":[],"json_ld":{"@context":"http:\/\/schema.org","@type":"Event","name":"Les Menuires &#8211; Inauguration Pointe de la Masse &#8211; Priv\u00e9","description":"&lt;p&gt;Inauguration du t\u00e9l\u00e9cabine de la pointe de la Masse, Les Menuires&lt;\/p&gt;\\n","url":"http:\/\/www.thatsallfolk.fr\/?tribe_events=les-menuires-inauguration-pointe-de-la-masse-prive","startDate":"2021-12-10T00:00:00+01:00","endDate":"2021-12-10T23:59:59+01:00","location":{"@type":"Place","name":"Les Menuires","description":"","url":"","address":{"@type":"PostalAddress"},"telephone":"","sameAs":""},"performer":"Organization"}}